{"id":235,"date":"2026-02-15T13:52:58","date_gmt":"2026-02-15T12:52:58","guid":{"rendered":"https:\/\/schystresande.se\/?p=235"},"modified":"2025-11-13T14:09:37","modified_gmt":"2025-11-13T13:09:37","slug":"pamplona","status":"publish","type":"post","link":"https:\/\/schystresande.se\/en\/pamplona\/","title":{"rendered":"Uppt\u00e4ck magiska Pamplona \u2013 allt du inte f\u00e5r missa"},"content":{"rendered":"<p>Vill du bes\u00f6ka en stad d\u00e4r historia, fest och dramatik m\u00f6ts p\u00e5 varje gata? D\u00e5 \u00e4r Pamplona platsen f\u00f6r dig. Den h\u00e4r spanska p\u00e4rlan i regionen Navarra bjuder p\u00e5 s\u00e5 mycket mer \u00e4n den ber\u00f6mda tjurrusningen. H\u00e4r hittar du allt fr\u00e5n romerska l\u00e4mningar till moderna tapasbarer, med ett klimat som bjuder p\u00e5 variation \u00e5ret runt. Oavsett om du \u00e4r h\u00e4r f\u00f6r kulturen, maten eller adrenalinet fr\u00e5n San Ferm\u00edn, drar Pamplona in dig i sin speciella charm direkt.<\/p>\n\n\n\n<h2 class=\"wp-block-heading\">Vad \u00e4r det som drar i Pamplona under San Ferm\u00edn?<\/h2>\n\n\n\n<p>N\u00e4r folk talar om Pamplona \u00e4r det ofta festivalen San Ferm\u00edn som f\u00f6rst kommer p\u00e5 tal. Mellan 6 och 14 juli f\u00f6rvandlas staden till en scen av tradition, musik och fartfyllda \u00e4ventyr. Den mest ikoniska delen \u00e4r s\u00e5klart tjurrusningen \u2013 el encierro \u2013 d\u00e4r modiga deltagare springer framf\u00f6r tjurar genom stadens gator.<\/p>\n\n\n\n<p>Men festivalen \u00e4r s\u00e5 mycket mer \u00e4n bara tjurrusningen. H\u00e4r \u00e4r n\u00e5gra av h\u00f6jdpunkterna du inte f\u00e5r missa:<\/p>\n\n\n\n<ul class=\"wp-block-list\">\n<li>\u00d6ppningsceremonin &#8221;El Chupinazo&#8221; p\u00e5 stadshuset<\/li>\n\n\n\n<li>F\u00e4rgglada parader och traditionella dr\u00e4kter<\/li>\n\n\n\n<li>Lokal musik och dans \u00f6verallt i staden<\/li>\n\n\n\n<li>Utefester med tapas, vin och livemusik<\/li>\n<\/ul>\n\n\n\n<p>Det \u00e4r l\u00e4tt att f\u00f6rst\u00e5 varf\u00f6r det \u00e4r just San Ferm\u00edn som drar i Pamplona och lockar b\u00e5de lokalbefolkning och turister fr\u00e5n hela v\u00e4rlden.<\/p>\n\n\n\n<!-- HTML -->\n<div class=\"climate-info-card\">\n  <div class=\"climate-icon\">\n    <span>\ud83c\udf24\ufe0f<\/span>\n  <\/div>\n  <div class=\"climate-text\">\n    <h2>Klimatet i Pamplona \u2013 packa smart inf\u00f6r resan<\/h2>\n    <p>V\u00e4dret i Pamplona varierar med \u00e5rstiderna \u2013 fr\u00e5n frostiga vintermorgnar till heta sommareftermiddagar med temperaturer upp mot 35 grader. Staden bjuder p\u00e5 b\u00e5de regn, sol och snabba v\u00e4deromslag, s\u00e5 du g\u00f6r klokt i att packa smart.<\/p>\n    \n    <p>S\u00e4rskilt v\u00e5r och h\u00f6st kan bjuda p\u00e5 dramatik i v\u00e4derv\u00e4xlingarna, vilket g\u00f6r det till ett \u00e4ventyr i sig att kl\u00e4 sig r\u00e4tt. H\u00e4r f\u00e5r du en snabbguide f\u00f6r att f\u00f6rbereda dig b\u00e4ttre:<\/p>\n\n    <ul>\n      <li><strong>V\u00e5r och h\u00f6st:<\/strong> Of\u00f6ruts\u00e4gbart v\u00e4der \u2013 ta med b\u00e5de regnjacka och solglas\u00f6gon<\/li>\n      <li><strong>Vinter:<\/strong> Kyligt med molnigt v\u00e4der och inslag av frost<\/li>\n      <li><strong>Sommar:<\/strong> Torr och varm \u2013 perfekt f\u00f6r att utforska staden till fots<\/li>\n    <\/ul>\n\n    <p>Gl\u00f6m inte paraply om du reser i december, som \u00e4r \u00e5rets regnigaste m\u00e5nad. Vill du njuta av solen? D\u00e5 \u00e4r juli och augusti b\u00e4sta tiden. Oavsett \u00e5rstid kan du r\u00e4kna med att klimatet i Pamplona bjuder p\u00e5 variation och \u00f6verraskningar.<\/p>\n  <\/div>\n<\/div>\n\n<!-- CSS -->\n<style>\n.climate-info-card {\n  display: flex;\n  align-items: flex-start;\n  gap: 30px;\n  padding: 30px;\n  border-radius: 20px;\n  background: rgba(255, 255, 255, 0.4);\n  backdrop-filter: blur(14px);\n  border: 1px solid rgba(255, 255, 255, 0.25);\n  box-shadow: 0 12px 40px rgba(0, 0, 0, 0.1);\n  transition: transform 0.4s ease, box-shadow 0.4s ease;\n  background-image: linear-gradient(135deg, #ffe6dc, #fafafa);\n  font-family: 'Inter', sans-serif;\n  margin: 50px auto;\n  max-width: 900px;\n}\n\n.climate-info-card:hover {\n  transform: translateY(-6px);\n  box-shadow: 0 16px 50px rgba(0, 0, 0, 0.2);\n}\n\n.climate-icon {\n  min-width: 90px;\n  height: 90px;\n  border-radius: 50%;\n  background: linear-gradient(145deg, #ffb26b, #ff6f61);\n  box-shadow: 0 6px 20px rgba(255, 111, 97, 0.4);\n  display: flex;\n  align-items: center;\n  justify-content: center;\n  font-size: 42px;\n  animation: floaty 4s ease-in-out infinite;\n  flex-shrink: 0;\n}\n\n@keyframes floaty {\n  0%, 100% { transform: translateY(0); }\n  50% { transform: translateY(-6px); }\n}\n\n.climate-text h2 {\n  margin-top: 0;\n  font-size: 24px;\n  color: #4b2e2e;\n}\n\n.climate-text p {\n  color: #333;\n  font-size: 16px;\n  line-height: 1.65;\n  margin-bottom: 16px;\n}\n\n.climate-text ul {\n  margin: 15px 0;\n  padding-left: 20px;\n}\n\n.climate-text li {\n  font-size: 15.5px;\n  color: #5a4949;\n  margin-bottom: 10px;\n}\n\n.climate-text li strong {\n  color: #3f2b2b;\n}\n\n@media (max-width: 768px) {\n  .climate-info-card {\n    flex-direction: column;\n    padding: 25px;\n    gap: 20px;\n  }\n\n  .climate-icon {\n    align-self: center;\n  }\n}\n<\/style>\n\n\n\n\n<h2 class=\"wp-block-heading\">Utforska historiska Pamplona och dess medeltida charm<\/h2>\n\n\n\n<p>Pamplona \u00e4r inte bara en festivalstad. Den \u00e4r ocks\u00e5 djupt rotad i historien. Staden grundades redan \u00e5r 75 f.Kr. av den romerske generalen Pompejus och har sedan dess sett m\u00e5nga maktskiften. Under 900-talet blev den huvudstad i kungariket Navarra, vilket gett staden en rik medeltida pr\u00e4gel.<\/p>\n\n\n\n<p>Fortfarande idag kan du promenera l\u00e4ngs delar av de gamla stadsmurarna och se citadellet fr\u00e5n 1500-talet. Det \u00e4r som att kliva rakt in i en historiebok \u2013 men med en glass i handen.<\/p>\n\n\n\n<p>Stadens k\u00e4rna \u00e4r fylld av charmiga byggnader och smala gr\u00e4nder, d\u00e4r du hittar:<\/p>\n\n\n\n<ul class=\"wp-block-list\">\n<li>Den gotiska katedralen med sin neoklassiska fasad<\/li>\n\n\n\n<li>Kyrkorna San Nicol\u00e1s och San Saturnino med sina romanska inslag<\/li>\n\n\n\n<li>Camera de Comptos, ett f\u00f6re detta justitiepalats som nu \u00e4r museum<\/li>\n\n\n\n<li>Gamla stadens tre ursprungliga stadsdelar, sammanfogade \u00e5r 1423<\/li>\n<\/ul>\n\n\n\n<p>Historien ligger bokstavligen i varje sten i Pamplona.<\/p>\n\n\n\n<figure class=\"wp-block-image alignnone size-full wp-image-237\"><img loading=\"lazy\" decoding=\"async\" width=\"1200\" height=\"797\" src=\"https:\/\/schystresande.se\/wp-content\/uploads\/2025\/11\/image20.webp\" alt=\"Utforska historiska Pamplona och dess medeltida charm\" class=\"wp-image-237\" srcset=\"https:\/\/schystresande.se\/wp-content\/uploads\/2025\/11\/image20.webp 1200w, https:\/\/schystresande.se\/wp-content\/uploads\/2025\/11\/image20-300x199.webp 300w, https:\/\/schystresande.se\/wp-content\/uploads\/2025\/11\/image20-1024x680.webp 1024w, https:\/\/schystresande.se\/wp-content\/uploads\/2025\/11\/image20-768x510.webp 768w, https:\/\/schystresande.se\/wp-content\/uploads\/2025\/11\/image20-850x565.webp 850w\" sizes=\"auto, (max-width: 1200px) 100vw, 1200px\" \/><figcaption class=\"wp-element-caption\">Kyrkan San Saturnino i Pamplona.<\/figcaption><\/figure>\n\n\n\n<h2 class=\"wp-block-heading\">Det moderna Pamplona \u2013 mer \u00e4n bara traditioner<\/h2>\n\n\n\n<p>Trots sin medeltida sj\u00e4l \u00e4r Pamplona idag en modern stad med allt du kan \u00f6nska dig. H\u00e4r finns tv\u00e5 universitet, vilket ger staden en ungdomlig och internationell puls. Universitetet i Navarra \u00e4r privat och har gott rykte, medan det offentliga universitetet Universidad P\u00fablica de Navarra ocks\u00e5 lockar m\u00e5nga studenter.<\/p>\n\n\n\n<p>Staden har genomg\u00e5tt flera v\u00e5gor av expansion, s\u00e4rskilt under 1900-talet d\u00e5 industrialisering och stadsf\u00f6rnyelse satte fart. Idag har Pamplona effektiva sociala system, ett v\u00e4lfungerande sjukv\u00e5rdssystem, gr\u00f6nomr\u00e5den f\u00f6r rekreation och en levande kultursektor.<\/p>\n\n\n\n<p>Dessutom har Pamplona en passion f\u00f6r fotboll. Lokala laget Osasuna spelar i La Liga och har en lojal supporterskara som alltid fyller arenan med energi.<\/p>\n\n\n\n<h2 class=\"wp-block-heading\">Mat och dryck som drar i Pamplona<\/h2>\n\n\n\n<p>Det baskiska och navarriska k\u00f6ket har starka influenser i Pamplona, och det m\u00e4rks p\u00e5 b\u00e5de menyer och marknader. Du kommer snabbt att uppt\u00e4cka att tapas \u2013 eller pintxos som de kallas h\u00e4r \u2013 \u00e4r en naturlig del av vardagen. Varje liten bar har sina egna specialiteter och det \u00e4r l\u00e4tt att f\u00f6r\u00e4ta sig p\u00e5 goda sm\u00e5 r\u00e4tter.<\/p>\n\n\n\n<p>Missa inte heller de lokala r\u00e5varorna. Regionen Navarra \u00e4r k\u00e4nd f\u00f6r sina sparrisar, paprikor och viner. Allt detta smakar \u00e4nnu b\u00e4ttre i st\u00e4mningsfulla milj\u00f6er.<\/p>\n\n\n\n<p>Ett perfekt kv\u00e4llsuppl\u00e4gg i Pamplona ser ut s\u00e5 h\u00e4r:<\/p>\n\n\n\n<ul class=\"wp-block-list\">\n<li>B\u00f6rja med en kall sangria eller lokal cider<\/li>\n\n\n\n<li>Vandra mellan tapasbarer i gamla stan<\/li>\n\n\n\n<li>Avsluta kv\u00e4llen med n\u00e5got s\u00f6tt \u2013 kanske en lokal bakelse?<\/li>\n<\/ul>\n\n\n\n<p>Smakerna \u00e4r en stor del av det som drar i Pamplona, oavsett om du \u00e4r matn\u00f6rd eller bara hungrig efter en l\u00e5ng dags utforskande.<\/p>\n\n\n\n<h2 class=\"wp-block-heading\">Uppt\u00e4ck omr\u00e5det runt Pamplona<\/h2>\n\n\n\n<p>Pamplona ligger strategiskt i hj\u00e4rtat av Navarra och \u00e4r en utm\u00e4rkt utg\u00e5ngspunkt f\u00f6r att uppt\u00e4cka mer av norra Spanien. Inom kort k\u00f6ravst\u00e5nd hittar du s\u00e5v\u00e4l gr\u00f6na dalar som m\u00e4ktiga berg, perfekt f\u00f6r dagsutflykter.<\/p>\n\n\n\n<p>H\u00e4r \u00e4r n\u00e5gra favoriter i n\u00e4romr\u00e5det:<\/p>\n\n\n\n<ul class=\"wp-block-list\">\n<li>Dalen Roncesvalles \u2013 starten f\u00f6r m\u00e5nga pilgrimer p\u00e5 v\u00e4g mot Santiago de Compostela<\/li>\n\n\n\n<li>De gr\u00f6nskande omr\u00e5dena runt Arga-floden, perfekt f\u00f6r cykel och vandring<\/li>\n\n\n\n<li>Sm\u00e5 byar som Villava och Burlada, d\u00e4r vardagslivet rullar p\u00e5 i lugn takt<\/li>\n<\/ul>\n\n\n\n<p>Du kan ocks\u00e5 ta t\u00e5get till st\u00f6rre st\u00e4der som Zaragoza eller San Sebasti\u00e1n om du vill byta tempo f\u00f6r en dag.<\/p>\n\n\n\n<figure class=\"wp-block-image\"><img loading=\"lazy\" decoding=\"async\" width=\"1200\" height=\"801\" src=\"https:\/\/schystresande.se\/wp-content\/uploads\/2025\/11\/image21.webp\" alt=\"Uppt\u00e4ck omr\u00e5det runt Pamplona\" class=\"wp-image-238\" srcset=\"https:\/\/schystresande.se\/wp-content\/uploads\/2025\/11\/image21.webp 1200w, https:\/\/schystresande.se\/wp-content\/uploads\/2025\/11\/image21-300x200.webp 300w, https:\/\/schystresande.se\/wp-content\/uploads\/2025\/11\/image21-1024x684.webp 1024w, https:\/\/schystresande.se\/wp-content\/uploads\/2025\/11\/image21-768x513.webp 768w, https:\/\/schystresande.se\/wp-content\/uploads\/2025\/11\/image21-850x567.webp 850w\" sizes=\"auto, (max-width: 1200px) 100vw, 1200px\" \/><\/figure>\n\n\n\n<h2 class=\"wp-block-heading\">N\u00e4r p\u00e5 \u00e5ret drar det mest i Pamplona?<\/h2>\n\n\n\n<p>Pamplona bjuder p\u00e5 olika upplevelser beroende p\u00e5 \u00e5rstid. San Ferm\u00edn i juli \u00e4r f\u00f6rst\u00e5s det mest k\u00e4nda dragpl\u00e5stret, men staden har mycket att ge \u00e5ret runt. H\u00e4r finns en speciell atmosf\u00e4r \u00e4ven under l\u00e5gs\u00e4song.<\/p>\n\n\n\n<h3 class=\"wp-block-heading\">V\u00e5r och h\u00f6st<\/h3>\n\n\n\n<p>Under v\u00e5ren vaknar staden till liv med blommande parker och mildare temperaturer. H\u00f6sten \u00e4r perfekt f\u00f6r mat\u00e4lskare, med sk\u00f6rdefestivaler och ett lugnare tempo.<\/p>\n\n\n\n<h3 class=\"wp-block-heading\">Vinter<\/h3>\n\n\n\n<p>Vintrarna kan vara kalla, men det finns en viss romantik i de molniga dagarna och julmarknaderna som sprider ljus. Det \u00e4r ocks\u00e5 d\u00e5 du kan uppleva Pamplona utan folkmassor.<\/p>\n\n\n\n<h3 class=\"wp-block-heading\">Sommar<\/h3>\n\n\n\n<p>Hett, h\u00f6gljutt och fyllt med energi \u2013 sommaren \u00e4r d\u00e5 Pamplona visar sitt allra mest intensiva ansikte, s\u00e4rskilt under festivalveckan.<\/p>","protected":false},"excerpt":{"rendered":"<p>Vill du bes\u00f6ka en stad d\u00e4r historia, fest och dramatik m\u00f6ts p\u00e5 varje gata? D\u00e5 \u00e4r Pamplona platsen f\u00f6r dig. Den h\u00e4r spanska p\u00e4rlan i regionen Navarra bjuder p\u00e5 s\u00e5 mycket mer \u00e4n den ber\u00f6mda tjurrusningen. H\u00e4r hittar du allt fr\u00e5n romerska l\u00e4mningar till moderna tapasbarer, med ett klimat som&#8230;<\/p>","protected":false},"author":1,"featured_media":236,"comment_status":"open","ping_status":"open","sticky":false,"template":"","format":"standard","meta":{"_yoast_wpseo_focuskw":"","_yoast_wpseo_title":"","_yoast_wpseo_metadesc":"","_yoast_wpseo_meta-robots-noindex":"","_yoast_wpseo_meta-robots-nofollow":"","_yoast_wpseo_canonical":"","_yoast_wpseo_opengraph-title":"","_yoast_wpseo_opengraph-description":"","_yoast_wpseo_twitter-title":"","_yoast_wpseo_twitter-description":"","footnotes":"","rank_math_description":"","rank_math_focus_keyword":"","rank_math_title":"","rank_math_canonical_url":"","rank_math_robots":"","rank_math_facebook_title":"","rank_math_facebook_description":"","rank_math_twitter_title":"","rank_math_twitter_description":""},"categories":[3],"tags":[],"class_list":["post-235","post","type-post","status-publish","format-standard","has-post-thumbnail","hentry","category-resa"],"yoast_head":"<!-- This site is optimized with the Yoast SEO plugin v27.5 - https:\/\/yoast.com\/product\/yoast-seo-wordpress\/ -->\n<title>Uppt\u00e4ck magiska Pamplona \u2013 allt du inte f\u00e5r missa - Schyst resande<\/title>\n<meta name=\"robots\" content=\"index, follow, max-snippet:-1, max-image-preview:large, max-video-preview:-1\" \/>\n<link rel=\"canonical\" href=\"https:\/\/schystresande.se\/en\/pamplona\/\" \/>\n<meta property=\"og:locale\" content=\"en_US\" \/>\n<meta property=\"og:type\" content=\"article\" \/>\n<meta property=\"og:title\" content=\"Uppt\u00e4ck magiska Pamplona \u2013 allt du inte f\u00e5r missa - Schyst resande\" \/>\n<meta property=\"og:description\" content=\"Vill du bes\u00f6ka en stad d\u00e4r historia, fest och dramatik m\u00f6ts p\u00e5 varje gata? D\u00e5 \u00e4r Pamplona platsen f\u00f6r dig. Den h\u00e4r spanska p\u00e4rlan i regionen Navarra bjuder p\u00e5 s\u00e5 mycket mer \u00e4n den ber\u00f6mda tjurrusningen. H\u00e4r hittar du allt fr\u00e5n romerska l\u00e4mningar till moderna tapasbarer, med ett klimat som...\" \/>\n<meta property=\"og:url\" content=\"https:\/\/schystresande.se\/en\/pamplona\/\" \/>\n<meta property=\"og:site_name\" content=\"Schyst resande\" \/>\n<meta property=\"article:published_time\" content=\"2026-02-15T12:52:58+00:00\" \/>\n<meta property=\"og:image\" content=\"https:\/\/schystresande.se\/wp-content\/uploads\/2025\/11\/image19.webp\" \/>\n\t<meta property=\"og:image:width\" content=\"1200\" \/>\n\t<meta property=\"og:image:height\" content=\"675\" \/>\n\t<meta property=\"og:image:type\" content=\"image\/webp\" \/>\n<meta name=\"author\" content=\"Hugo Dahlberg\" \/>\n<meta name=\"twitter:card\" content=\"summary_large_image\" \/>\n<meta name=\"twitter:label1\" content=\"Written by\" \/>\n\t<meta name=\"twitter:data1\" content=\"Hugo Dahlberg\" \/>\n\t<meta name=\"twitter:label2\" content=\"Est. reading time\" \/>\n\t<meta name=\"twitter:data2\" content=\"6 minutes\" \/>\n<script type=\"application\/ld+json\" class=\"yoast-schema-graph\">{\"@context\":\"https:\\\/\\\/schema.org\",\"@graph\":[{\"@type\":\"Article\",\"@id\":\"https:\\\/\\\/schystresande.se\\\/pamplona\\\/#article\",\"isPartOf\":{\"@id\":\"https:\\\/\\\/schystresande.se\\\/pamplona\\\/\"},\"author\":{\"name\":\"Hugo Dahlberg\",\"@id\":\"https:\\\/\\\/schystresande.se\\\/#\\\/schema\\\/person\\\/d3b685e32b09a4b97843e08186273112\"},\"headline\":\"Uppt\u00e4ck magiska Pamplona \u2013 allt du inte f\u00e5r missa\",\"datePublished\":\"2026-02-15T12:52:58+00:00\",\"mainEntityOfPage\":{\"@id\":\"https:\\\/\\\/schystresande.se\\\/pamplona\\\/\"},\"wordCount\":1134,\"commentCount\":0,\"publisher\":{\"@id\":\"https:\\\/\\\/schystresande.se\\\/#organization\"},\"image\":{\"@id\":\"https:\\\/\\\/schystresande.se\\\/pamplona\\\/#primaryimage\"},\"thumbnailUrl\":\"https:\\\/\\\/schystresande.se\\\/wp-content\\\/uploads\\\/2025\\\/11\\\/image19.webp\",\"articleSection\":[\"Resa\"],\"inLanguage\":\"en-US\",\"potentialAction\":[{\"@type\":\"CommentAction\",\"name\":\"Comment\",\"target\":[\"https:\\\/\\\/schystresande.se\\\/pamplona\\\/#respond\"]}]},{\"@type\":\"WebPage\",\"@id\":\"https:\\\/\\\/schystresande.se\\\/pamplona\\\/\",\"url\":\"https:\\\/\\\/schystresande.se\\\/pamplona\\\/\",\"name\":\"Uppt\u00e4ck magiska Pamplona \u2013 allt du inte f\u00e5r missa - Schyst resande\",\"isPartOf\":{\"@id\":\"https:\\\/\\\/schystresande.se\\\/#website\"},\"primaryImageOfPage\":{\"@id\":\"https:\\\/\\\/schystresande.se\\\/pamplona\\\/#primaryimage\"},\"image\":{\"@id\":\"https:\\\/\\\/schystresande.se\\\/pamplona\\\/#primaryimage\"},\"thumbnailUrl\":\"https:\\\/\\\/schystresande.se\\\/wp-content\\\/uploads\\\/2025\\\/11\\\/image19.webp\",\"datePublished\":\"2026-02-15T12:52:58+00:00\",\"breadcrumb\":{\"@id\":\"https:\\\/\\\/schystresande.se\\\/pamplona\\\/#breadcrumb\"},\"inLanguage\":\"en-US\",\"potentialAction\":[{\"@type\":\"ReadAction\",\"target\":[\"https:\\\/\\\/schystresande.se\\\/pamplona\\\/\"]}]},{\"@type\":\"ImageObject\",\"inLanguage\":\"en-US\",\"@id\":\"https:\\\/\\\/schystresande.se\\\/pamplona\\\/#primaryimage\",\"url\":\"https:\\\/\\\/schystresande.se\\\/wp-content\\\/uploads\\\/2025\\\/11\\\/image19.webp\",\"contentUrl\":\"https:\\\/\\\/schystresande.se\\\/wp-content\\\/uploads\\\/2025\\\/11\\\/image19.webp\",\"width\":1200,\"height\":675,\"caption\":\"pamplona\"},{\"@type\":\"BreadcrumbList\",\"@id\":\"https:\\\/\\\/schystresande.se\\\/pamplona\\\/#breadcrumb\",\"itemListElement\":[{\"@type\":\"ListItem\",\"position\":1,\"name\":\"Home\",\"item\":\"https:\\\/\\\/schystresande.se\\\/\"},{\"@type\":\"ListItem\",\"position\":2,\"name\":\"Uppt\u00e4ck magiska Pamplona \u2013 allt du inte f\u00e5r missa\"}]},{\"@type\":\"WebSite\",\"@id\":\"https:\\\/\\\/schystresande.se\\\/#website\",\"url\":\"https:\\\/\\\/schystresande.se\\\/\",\"name\":\"Schyst resande\",\"description\":\"\",\"publisher\":{\"@id\":\"https:\\\/\\\/schystresande.se\\\/#organization\"},\"potentialAction\":[{\"@type\":\"SearchAction\",\"target\":{\"@type\":\"EntryPoint\",\"urlTemplate\":\"https:\\\/\\\/schystresande.se\\\/?s={search_term_string}\"},\"query-input\":{\"@type\":\"PropertyValueSpecification\",\"valueRequired\":true,\"valueName\":\"search_term_string\"}}],\"inLanguage\":\"en-US\"},{\"@type\":\"Organization\",\"@id\":\"https:\\\/\\\/schystresande.se\\\/#organization\",\"name\":\"Schyst resande\",\"url\":\"https:\\\/\\\/schystresande.se\\\/\",\"logo\":{\"@type\":\"ImageObject\",\"inLanguage\":\"en-US\",\"@id\":\"https:\\\/\\\/schystresande.se\\\/#\\\/schema\\\/logo\\\/image\\\/\",\"url\":\"https:\\\/\\\/schystresande.se\\\/wp-content\\\/uploads\\\/2025\\\/10\\\/cropped-cropped-image45.webp\",\"contentUrl\":\"https:\\\/\\\/schystresande.se\\\/wp-content\\\/uploads\\\/2025\\\/10\\\/cropped-cropped-image45.webp\",\"width\":512,\"height\":512,\"caption\":\"Schyst resande\"},\"image\":{\"@id\":\"https:\\\/\\\/schystresande.se\\\/#\\\/schema\\\/logo\\\/image\\\/\"}},{\"@type\":\"Person\",\"@id\":\"https:\\\/\\\/schystresande.se\\\/#\\\/schema\\\/person\\\/d3b685e32b09a4b97843e08186273112\",\"name\":\"Hugo Dahlberg\",\"image\":{\"@type\":\"ImageObject\",\"inLanguage\":\"en-US\",\"@id\":\"https:\\\/\\\/secure.gravatar.com\\\/avatar\\\/fc639b7c448771f44322741f292c61430bed5f8be26a1935e614549d2e16c0f0?s=96&d=mm&r=g\",\"url\":\"https:\\\/\\\/secure.gravatar.com\\\/avatar\\\/fc639b7c448771f44322741f292c61430bed5f8be26a1935e614549d2e16c0f0?s=96&d=mm&r=g\",\"contentUrl\":\"https:\\\/\\\/secure.gravatar.com\\\/avatar\\\/fc639b7c448771f44322741f292c61430bed5f8be26a1935e614549d2e16c0f0?s=96&d=mm&r=g\",\"caption\":\"Hugo Dahlberg\"},\"description\":\"Hugo Dahlberg \u00e4r reseskribent och h\u00e5llbarhetsutbildad, baserad i G\u00f6teborg. Han har en kandidatexamen i turismvetenskap fr\u00e5n Lunds universitet och frist\u00e5ende studier i h\u00e5llbar utveckling vid Uppsala universitet. Sedan 2017 har han t\u00e5gluffat genom Europa varje sommar, vandrat st\u00f6rre delen av Kungsleden och bott p\u00e5 allt fr\u00e5n ekopensionat i Slovenien till familjehotell i Portugal. Hugo skriver om resor han sj\u00e4lv gjort \u2013 inga skrivbordsguider. Driver schystresande.se fr\u00e5n coworkingmilj\u00f6n Mindpark p\u00e5 Lindholmen. Kontakt: hugo@schystresande.se\",\"sameAs\":[\"https:\\\/\\\/schystresande.se\"],\"url\":\"https:\\\/\\\/schystresande.se\\\/en\\\/author\\\/hugo\\\/\"}]}<\/script>\n<!-- \/ Yoast SEO plugin. -->","yoast_head_json":{"title":"Uppt\u00e4ck magiska Pamplona \u2013 allt du inte f\u00e5r missa - Schyst resande","robots":{"index":"index","follow":"follow","max-snippet":"max-snippet:-1","max-image-preview":"max-image-preview:large","max-video-preview":"max-video-preview:-1"},"canonical":"https:\/\/schystresande.se\/en\/pamplona\/","og_locale":"en_US","og_type":"article","og_title":"Uppt\u00e4ck magiska Pamplona \u2013 allt du inte f\u00e5r missa - Schyst resande","og_description":"Vill du bes\u00f6ka en stad d\u00e4r historia, fest och dramatik m\u00f6ts p\u00e5 varje gata? D\u00e5 \u00e4r Pamplona platsen f\u00f6r dig. Den h\u00e4r spanska p\u00e4rlan i regionen Navarra bjuder p\u00e5 s\u00e5 mycket mer \u00e4n den ber\u00f6mda tjurrusningen. H\u00e4r hittar du allt fr\u00e5n romerska l\u00e4mningar till moderna tapasbarer, med ett klimat som...","og_url":"https:\/\/schystresande.se\/en\/pamplona\/","og_site_name":"Schyst resande","article_published_time":"2026-02-15T12:52:58+00:00","og_image":[{"width":1200,"height":675,"url":"https:\/\/schystresande.se\/wp-content\/uploads\/2025\/11\/image19.webp","type":"image\/webp"}],"author":"Hugo Dahlberg","twitter_card":"summary_large_image","twitter_misc":{"Written by":"Hugo Dahlberg","Est. reading time":"6 minutes"},"schema":{"@context":"https:\/\/schema.org","@graph":[{"@type":"Article","@id":"https:\/\/schystresande.se\/pamplona\/#article","isPartOf":{"@id":"https:\/\/schystresande.se\/pamplona\/"},"author":{"name":"Hugo Dahlberg","@id":"https:\/\/schystresande.se\/#\/schema\/person\/d3b685e32b09a4b97843e08186273112"},"headline":"Uppt\u00e4ck magiska Pamplona \u2013 allt du inte f\u00e5r missa","datePublished":"2026-02-15T12:52:58+00:00","mainEntityOfPage":{"@id":"https:\/\/schystresande.se\/pamplona\/"},"wordCount":1134,"commentCount":0,"publisher":{"@id":"https:\/\/schystresande.se\/#organization"},"image":{"@id":"https:\/\/schystresande.se\/pamplona\/#primaryimage"},"thumbnailUrl":"https:\/\/schystresande.se\/wp-content\/uploads\/2025\/11\/image19.webp","articleSection":["Resa"],"inLanguage":"en-US","potentialAction":[{"@type":"CommentAction","name":"Comment","target":["https:\/\/schystresande.se\/pamplona\/#respond"]}]},{"@type":"WebPage","@id":"https:\/\/schystresande.se\/pamplona\/","url":"https:\/\/schystresande.se\/pamplona\/","name":"Uppt\u00e4ck magiska Pamplona \u2013 allt du inte f\u00e5r missa - Schyst resande","isPartOf":{"@id":"https:\/\/schystresande.se\/#website"},"primaryImageOfPage":{"@id":"https:\/\/schystresande.se\/pamplona\/#primaryimage"},"image":{"@id":"https:\/\/schystresande.se\/pamplona\/#primaryimage"},"thumbnailUrl":"https:\/\/schystresande.se\/wp-content\/uploads\/2025\/11\/image19.webp","datePublished":"2026-02-15T12:52:58+00:00","breadcrumb":{"@id":"https:\/\/schystresande.se\/pamplona\/#breadcrumb"},"inLanguage":"en-US","potentialAction":[{"@type":"ReadAction","target":["https:\/\/schystresande.se\/pamplona\/"]}]},{"@type":"ImageObject","inLanguage":"en-US","@id":"https:\/\/schystresande.se\/pamplona\/#primaryimage","url":"https:\/\/schystresande.se\/wp-content\/uploads\/2025\/11\/image19.webp","contentUrl":"https:\/\/schystresande.se\/wp-content\/uploads\/2025\/11\/image19.webp","width":1200,"height":675,"caption":"pamplona"},{"@type":"BreadcrumbList","@id":"https:\/\/schystresande.se\/pamplona\/#breadcrumb","itemListElement":[{"@type":"ListItem","position":1,"name":"Home","item":"https:\/\/schystresande.se\/"},{"@type":"ListItem","position":2,"name":"Uppt\u00e4ck magiska Pamplona \u2013 allt du inte f\u00e5r missa"}]},{"@type":"WebSite","@id":"https:\/\/schystresande.se\/#website","url":"https:\/\/schystresande.se\/","name":"Schyst resande","description":"","publisher":{"@id":"https:\/\/schystresande.se\/#organization"},"potentialAction":[{"@type":"SearchAction","target":{"@type":"EntryPoint","urlTemplate":"https:\/\/schystresande.se\/?s={search_term_string}"},"query-input":{"@type":"PropertyValueSpecification","valueRequired":true,"valueName":"search_term_string"}}],"inLanguage":"en-US"},{"@type":"Organization","@id":"https:\/\/schystresande.se\/#organization","name":"Schyst resande","url":"https:\/\/schystresande.se\/","logo":{"@type":"ImageObject","inLanguage":"en-US","@id":"https:\/\/schystresande.se\/#\/schema\/logo\/image\/","url":"https:\/\/schystresande.se\/wp-content\/uploads\/2025\/10\/cropped-cropped-image45.webp","contentUrl":"https:\/\/schystresande.se\/wp-content\/uploads\/2025\/10\/cropped-cropped-image45.webp","width":512,"height":512,"caption":"Schyst resande"},"image":{"@id":"https:\/\/schystresande.se\/#\/schema\/logo\/image\/"}},{"@type":"Person","@id":"https:\/\/schystresande.se\/#\/schema\/person\/d3b685e32b09a4b97843e08186273112","name":"Hugo Dahlberg","image":{"@type":"ImageObject","inLanguage":"en-US","@id":"https:\/\/secure.gravatar.com\/avatar\/fc639b7c448771f44322741f292c61430bed5f8be26a1935e614549d2e16c0f0?s=96&d=mm&r=g","url":"https:\/\/secure.gravatar.com\/avatar\/fc639b7c448771f44322741f292c61430bed5f8be26a1935e614549d2e16c0f0?s=96&d=mm&r=g","contentUrl":"https:\/\/secure.gravatar.com\/avatar\/fc639b7c448771f44322741f292c61430bed5f8be26a1935e614549d2e16c0f0?s=96&d=mm&r=g","caption":"Hugo Dahlberg"},"description":"Hugo Dahlberg \u00e4r reseskribent och h\u00e5llbarhetsutbildad, baserad i G\u00f6teborg. Han har en kandidatexamen i turismvetenskap fr\u00e5n Lunds universitet och frist\u00e5ende studier i h\u00e5llbar utveckling vid Uppsala universitet. Sedan 2017 har han t\u00e5gluffat genom Europa varje sommar, vandrat st\u00f6rre delen av Kungsleden och bott p\u00e5 allt fr\u00e5n ekopensionat i Slovenien till familjehotell i Portugal. Hugo skriver om resor han sj\u00e4lv gjort \u2013 inga skrivbordsguider. Driver schystresande.se fr\u00e5n coworkingmilj\u00f6n Mindpark p\u00e5 Lindholmen. Kontakt: hugo@schystresande.se","sameAs":["https:\/\/schystresande.se"],"url":"https:\/\/schystresande.se\/en\/author\/hugo\/"}]}},"_links":{"self":[{"href":"https:\/\/schystresande.se\/en\/wp-json\/wp\/v2\/posts\/235","targetHints":{"allow":["GET"]}}],"collection":[{"href":"https:\/\/schystresande.se\/en\/wp-json\/wp\/v2\/posts"}],"about":[{"href":"https:\/\/schystresande.se\/en\/wp-json\/wp\/v2\/types\/post"}],"author":[{"embeddable":true,"href":"https:\/\/schystresande.se\/en\/wp-json\/wp\/v2\/users\/1"}],"replies":[{"embeddable":true,"href":"https:\/\/schystresande.se\/en\/wp-json\/wp\/v2\/comments?post=235"}],"version-history":[{"count":3,"href":"https:\/\/schystresande.se\/en\/wp-json\/wp\/v2\/posts\/235\/revisions"}],"predecessor-version":[{"id":241,"href":"https:\/\/schystresande.se\/en\/wp-json\/wp\/v2\/posts\/235\/revisions\/241"}],"wp:featuredmedia":[{"embeddable":true,"href":"https:\/\/schystresande.se\/en\/wp-json\/wp\/v2\/media\/236"}],"wp:attachment":[{"href":"https:\/\/schystresande.se\/en\/wp-json\/wp\/v2\/media?parent=235"}],"wp:term":[{"taxonomy":"category","embeddable":true,"href":"https:\/\/schystresande.se\/en\/wp-json\/wp\/v2\/categories?post=235"},{"taxonomy":"post_tag","embeddable":true,"href":"https:\/\/schystresande.se\/en\/wp-json\/wp\/v2\/tags?post=235"}],"curies":[{"name":"wp","href":"https:\/\/api.w.org\/{rel}","templated":true}]}}