{"id":361,"date":"2026-05-02T10:10:00","date_gmt":"2026-05-02T08:10:00","guid":{"rendered":"https:\/\/schystresande.se\/?p=361"},"modified":"2026-05-01T01:06:31","modified_gmt":"2026-04-30T23:06:31","slug":"nattag-till-berlin-2026","status":"publish","type":"post","link":"https:\/\/schystresande.se\/en\/nattag-till-berlin-2026\/","title":{"rendered":"Natt\u00e5g till Berlin 2026 &#8211; s\u00e5 funkar det n\u00e4r SJ slutar och RDC tar \u00f6ver"},"content":{"rendered":"<p>Det h\u00e4nder ganska mycket p\u00e5 natt\u00e5gsfronten just nu. SJ k\u00f6r sin sista avg\u00e5ng till Berlin 31 augusti 2026, samtidigt som Sn\u00e4llt\u00e5get ut\u00f6kar till sex dagar i veckan och tyska RDC Deutschland har sagt att de tar \u00f6ver str\u00e4ckan i egen regi. F\u00f6r den som funderar p\u00e5 att \u00e5ka natt\u00e5g till Berlin under det kommande \u00e5ret kan det k\u00e4nnas lite sn\u00e5rigt &#8211; men det \u00e4r faktiskt inte s\u00e5 kr\u00e5ngligt som det l\u00e5ter. Det blir bara fler avg\u00e5ngar och fler val, inte f\u00e4rre.<\/p>\n<p>Jag har sj\u00e4lv tagit natt\u00e5get till Berlin flera g\u00e5nger, b\u00e5de med SJ och Sn\u00e4llt\u00e5get, och det \u00e4r fortfarande ett av de sk\u00f6naste s\u00e4tten att l\u00e4mna Sverige. Du kliver p\u00e5 i Stockholm strax efter halv fem p\u00e5 eftermiddagen, \u00e4ter middag i restaurangvagnen, sover dig genom Danmark och norra Tyskland, och dricker frukost samtidigt som t\u00e5get rullar in p\u00e5 Berlin Hauptbahnhof. Hela resan k\u00e4nns mer som b\u00f6rjan p\u00e5 semestern \u00e4n som transport till semestern.<\/p>\n<h2>Varf\u00f6r slutar SJ k\u00f6ra natt\u00e5get?<\/h2>\n<p>SJ:s tysklandst\u00e5g startade h\u00f6sten 2022 som ett politiskt projekt. Den d\u00e5varande regeringen anslog 300 miljoner kronor f\u00f6r att upphandla en natt\u00e5gsf\u00f6rbindelse mellan Stockholm och Hamburg, fr\u00e4mst som en klimat\u00e5tg\u00e4rd. \u00c5ret efter f\u00f6rl\u00e4ngdes linjen hela v\u00e4gen till Berlin, och t\u00e5get blev snabbt popul\u00e4rt under sommarm\u00e5naderna.<\/p>\n<p>Problemet \u00e4r att linjen aldrig burit sig sj\u00e4lv kommersiellt. Under skollov och h\u00f6gs\u00e4song \u00e4r det fullbokat, men under stora delar av \u00e5ret k\u00f6r t\u00e5get halvfullt. Den nuvarande regeringen valde att inte forts\u00e4tta finansiera trafiken, och d\u00e4rf\u00f6r rullar SJ:s sista natt\u00e5g fr\u00e5n Stockholm den 31 augusti 2026. Det \u00e4r inget dramatiskt avslut &#8211; t\u00e5get har gjort sitt jobb och visat att det finns efterfr\u00e5gan. Fr\u00e5gan har bara varit vem som tar \u00f6ver.<\/p>\n<h2>Sn\u00e4llt\u00e5get k\u00f6r sex dagar i veckan fr\u00e5n mars 2026<\/h2>\n<p>Det enkla svaret \u00e4r: Sn\u00e4llt\u00e5get. Bolaget har redan k\u00f6rt natt\u00e5g Stockholm-Berlin i flera \u00e5r och drar nu upp tempot rej\u00e4lt. Fr\u00e5n och med 27 mars 2026 ut\u00f6kar de fr\u00e5n s\u00e4songstrafik (skollov och storhelger) till sex dagar i veckan, \u00e5ret om. Hela h\u00f6sten 2026 k\u00f6rs t\u00e5get enligt det h\u00e4r schemat, fram till mitten av december.<\/p>\n<p>Resv\u00e4gen \u00e4r densamma som SJ k\u00f6rt: via Malm\u00f6, \u00f6ver \u00d6resundsbron, genom Danmark och norra Tyskland, med ankomst i Berlin tidigt p\u00e5 morgonen. Hela resan tar cirka 16 timmar och 30 minuter. Du har tre alternativ ombord:<\/p>\n<ul style=\"background: #f4f7fa; padding: 20px 20px 20px 25px; border-radius: 6px;\">\n<li style=\"margin-bottom: 8px;\"><strong>Sittplats<\/strong> &#8211; billigast, fr\u00e5n cirka 499 kronor enkel resa.<\/li>\n<li style=\"margin-bottom: 8px;\"><strong>B\u00e4ddplats i delad kup\u00e9<\/strong> &#8211; du delar med upp till fem andra resen\u00e4rer, kup\u00e9n st\u00e4lls om till b\u00e4ddar inf\u00f6r natten.<\/li>\n<li style=\"margin-bottom: 0;\"><strong>Egen kup\u00e9<\/strong> &#8211; bara du och ditt s\u00e4llskap (upp till sex personer), det bekv\u00e4maste alternativet.<\/li>\n<\/ul>\n<p>Boka tidigt. Egen kup\u00e9 s\u00e4ljs slut snabbt, s\u00e4rskilt under sommaren och kring storhelger. Sn\u00e4llt\u00e5get tar emot bokningar fram till och med 1 november 2026 just nu.<\/p>\n<h2>RDC Deutschland tar \u00f6ver n\u00e4r SJ f\u00f6rsvinner<\/h2>\n<p>N\u00e4r SJ rullar sin sista avg\u00e5ng den 31 augusti meddelade tyska RDC Deutschland att de planerar att ta \u00f6ver str\u00e4ckan i egen regi. Det \u00e4r samma bolag som hittills hyrt ut sovvagnar och personal till SJ, s\u00e5 sj\u00e4lva t\u00e5gen \u00e4ndras inte n\u00e4mnv\u00e4rt &#8211; det \u00e4r bara f\u00f6retaget p\u00e5 papperet som byter. RDC sikar p\u00e5 cirka 100 avg\u00e5ngar per \u00e5r, vilket \u00e4r ungef\u00e4r h\u00e4lften av vad SJ k\u00f6rde.<\/p>\n<p>Det inneb\u00e4r att det totalt blir lika m\u00e5nga &#8211; om inte fler &#8211; natt\u00e5g till Berlin fr\u00e5n och med h\u00f6sten 2026 j\u00e4mf\u00f6rt med idag. Sn\u00e4llt\u00e5get med sex avg\u00e5ngar i veckan plus RDC:s avg\u00e5ngar g\u00f6r Berlin-rutten till en av de mest trafikerade natt\u00e5gslinjerna i Europa.<\/p>\n<div style=\"background: #f4f7fa; padding: 18px; border-radius: 6px; border-left: 4px solid #1a3a5c; margin: 20px 0;\">\n<p style=\"margin: 0;\"><strong style=\"color: #1a3a5c;\">\ud83d\ude86 Visste du detta?<\/strong><br \/>\nEuropean Sleeper, det belgisk-nederl\u00e4ndska t\u00e5gkooperativet, l\u00e4gger till Hamburg som stopp p\u00e5 sin Paris-Berlin-linje fr\u00e5n 13 juli 2026. Det \u00f6ppnar upp f\u00f6r att t\u00e5ga hela v\u00e4gen fr\u00e5n Sverige till Paris eller Bryssel via Hamburg p\u00e5 tv\u00e5 n\u00e4tter. Du tar Sn\u00e4llt\u00e5get till Hamburg, byter till European Sleeper p\u00e5 kv\u00e4llen, och vaknar i Paris.<\/p>\n<\/div>\n<h2>Banarbeten att h\u00e5lla koll p\u00e5<\/h2>\n<p>Tv\u00e5 perioder under 2026 p\u00e5verkar natt\u00e5gstrafiken till Berlin extra mycket. B\u00e5da har att g\u00f6ra med banarbeten i Danmark, och under de h\u00e4r veckorna ers\u00e4tts t\u00e5gen med buss mellan Malm\u00f6 och Berlin via f\u00e4rjan Gedser-Rostock. Bussresan \u00e4r fortfarande flygfri, men den blir l\u00e4ngre och mindre bekv\u00e4m \u00e4n det vanliga natt\u00e5get.<\/p>\n<ul style=\"background: #f4f7fa; padding: 20px 20px 20px 25px; border-radius: 6px;\">\n<li style=\"margin-bottom: 8px;\"><strong>31 mars-6 april<\/strong> &#8211; t\u00e5gen fr\u00e5n Sverige till Berlin ers\u00e4tts med buss (sammanfaller med p\u00e5sk).<\/li>\n<li style=\"margin-bottom: 8px;\"><strong>1-7 april<\/strong> &#8211; avg\u00e5ngar fr\u00e5n Berlin ers\u00e4tts med buss.<\/li>\n<li style=\"margin-bottom: 8px;\"><strong>12-18 juli<\/strong> &#8211; t\u00e5g fr\u00e5n Sverige till Berlin ers\u00e4tts med buss.<\/li>\n<li style=\"margin-bottom: 0;\"><strong>13-19 juli<\/strong> &#8211; avg\u00e5ngar fr\u00e5n Berlin mot Sverige ers\u00e4tts med buss.<\/li>\n<\/ul>\n<p>Om du har m\u00f6jlighet, l\u00e4gg din resa utanf\u00f6r dessa datum. Det \u00e4r inte bara att restiden f\u00f6rl\u00e4ngs &#8211; hela po\u00e4ngen med att \u00e5ka natt\u00e5g \u00e4r att sova bekv\u00e4mt, och det blir sv\u00e5rare i en buss. Aktuell information om banarbeten i Sverige hittar du hos <a href=\"https:\/\/www.trafikverket.se\/\" target=\"_blank\" rel=\"noopener\" style=\"color: #1a3a5c; font-weight: 600;\">Trafikverket<\/a>, och Sn\u00e4llt\u00e5get uppdaterar sin egen sajt l\u00f6pande med trafikinformation.<\/p>\n<h2>Hur boka du smartast?<\/h2>\n<p>Sn\u00e4llt\u00e5get bokas direkt p\u00e5 snalltaget.se. Priserna varierar med avg\u00e5ng, s\u00e4song och hur tidigt du bokar &#8211; egen kup\u00e9 Stockholm-Berlin p\u00e5 en sommarkv\u00e4ll i juli kan vara dubbelt s\u00e5 dyr som samma resa i februari. Generellt g\u00e4ller att boka 2-3 m\u00e5nader i f\u00f6rv\u00e4g ger b\u00e4st pris.<\/p>\n<p>Har du Interrail Global Pass g\u00e4ller det p\u00e5 Sn\u00e4llt\u00e5gets natt\u00e5g, men du m\u00e5ste boka platsreservation separat. Det g\u00f6rs ocks\u00e5 p\u00e5 Sn\u00e4llt\u00e5gets sajt med rabattkoden INTERRAIL. Reservationen kostar betydligt mindre \u00e4n en vanlig biljett, s\u00e5 f\u00f6r dig som t\u00e5gluffar \u00e4r det h\u00e4r ett mycket prisv\u00e4rt s\u00e4tt att l\u00e4mna Sverige.<\/p>\n<h2>\u00c4r natt\u00e5g till Berlin v\u00e4rt det?<\/h2>\n<p>Jag tycker det. Restiden \u00e4r l\u00e4ngre \u00e4n flyget, men du sparar en hotellnatt och du slipper allt strul med flygplatser, v\u00e4skor och s\u00e4kerhetskontroller. Du kommer fram mitt i centrum ist\u00e4llet f\u00f6r att beh\u00f6va ta sig fr\u00e5n Brandenburg-flygplatsen, och du har dragit ner ditt klimatavtryck f\u00f6r resan med \u00f6ver 90 procent j\u00e4mf\u00f6rt med flyget.<\/p>\n<p>Det handlar ocks\u00e5 om hur det k\u00e4nns. Det \u00e4r en helt annan sak att rulla in i Berlin p\u00e5 morgonen efter en god natts s\u00f6mn \u00e4n att kliva av en l\u00e5gprislinje p\u00e5 Sch\u00f6nefeld med ryggv\u00e4rk. T\u00e5g \u00e4r ett l\u00e5ngsammare s\u00e4tt att resa, men det \u00e4r ocks\u00e5 ett mer m\u00e4nskligt s\u00e4tt. Enligt <a href=\"https:\/\/www.naturvardsverket.se\/\" target=\"_blank\" rel=\"noopener\" style=\"color: #1a3a5c; font-weight: 600;\">Naturv\u00e5rdsverket<\/a> ger inrikes och utrikes flyg betydligt h\u00f6gre koldioxidutsl\u00e4pp per personkilometer \u00e4n t\u00e5g, s\u00e5 valet f\u00e5r faktiskt effekt. Mer om detta har jag skrivit i min guide om <a href=\"https:\/\/schystresande.se\/resa-utan-flyg\/\" style=\"color: #1a3a5c; font-weight: 600;\">att resa utan flyg<\/a>.<\/p>\n<h2>Vanliga fr\u00e5gor om natt\u00e5g till Berlin<\/h2>\n<h3 style=\"color: #1a3a5c; margin-top: 25px;\">Hur l\u00e5ng tid tar natt\u00e5get fr\u00e5n Stockholm till Berlin?<\/h3>\n<p>Cirka 16 timmar och 30 minuter. T\u00e5get avg\u00e5r fr\u00e5n Stockholm strax efter halv fem p\u00e5 eftermiddagen och ankommer Berlin Hauptbahnhof vid niotiden morgonen efter.<\/p>\n<h3 style=\"color: #1a3a5c; margin-top: 25px;\">Vad kostar natt\u00e5get till Berlin?<\/h3>\n<p>Sittplats kostar fr\u00e5n 499 kronor enkel resa. B\u00e4ddplats i delad kup\u00e9 och egen kup\u00e9 kostar mer, beroende p\u00e5 s\u00e4song och hur tidigt du bokar. R\u00e4kna med 1500-3000 kronor enkel resa f\u00f6r egen kup\u00e9 under h\u00f6gs\u00e4song.<\/p>\n<h3 style=\"color: #1a3a5c; margin-top: 25px;\">Vilket bolag ska jag boka med &#8211; Sn\u00e4llt\u00e5get eller SJ?<\/h3>\n<p>Boka Sn\u00e4llt\u00e5get om du reser efter 31 augusti 2026, f\u00f6r d\u00e5 slutar SJ k\u00f6ra. Innan dess fungerar b\u00e5da. Sn\u00e4llt\u00e5get anl\u00e4nder till Malm\u00f6 senare p\u00e5 morgonen vilket passar dem som ska vidare i Sverige, medan SJ var snabbare till Stockholm vid hemresa.<\/p>\n<h3 style=\"color: #1a3a5c; margin-top: 25px;\">Beh\u00f6ver jag pass eller ID?<\/h3>\n<p>Ja. Svenskt k\u00f6rkort r\u00e4cker inte f\u00f6r resor till Tyskland. Du beh\u00f6ver svenskt pass eller nationellt ID-kort av EU-standard med MRZ-kod eller chip. Gr\u00e4nspolisen genomf\u00f6r regelbundna kontroller och utan giltig handling f\u00e5r du inte resa.<\/p>\n<h3 style=\"color: #1a3a5c; margin-top: 25px;\">Kan man ta med cykel?<\/h3>\n<p>Nej, inte p\u00e5 Sn\u00e4llt\u00e5gets natt\u00e5g. Hopf\u00e4llbara cyklar packade i v\u00e4ska r\u00e4knas som handbagage och f\u00e5r f\u00f6lja med, men vanliga cyklar g\u00e5r inte.<\/p>\n<h3 style=\"color: #1a3a5c; margin-top: 25px;\">Vad ing\u00e5r i biljetten?<\/h3>\n<p>Sittplats \u00e4r bara platsen. B\u00e4ddplats och egen kup\u00e9 inkluderar b\u00e4ddlinne. Frukost ing\u00e5r inte men kan f\u00f6rbokas f\u00f6r 99 kronor och h\u00e4mtas hos t\u00e5gpersonalen p\u00e5 morgonen.<\/p>\n<p><script type=\"application\/ld+json\">\n{\n  \"@context\": \"https:\/\/schema.org\",\n  \"@type\": \"FAQPage\",\n  \"mainEntity\": [\n    {\n      \"@type\": \"Question\",\n      \"name\": \"Hur l\u00e5ng tid tar natt\u00e5get fr\u00e5n Stockholm till Berlin?\",\n      \"acceptedAnswer\": {\n        \"@type\": \"Answer\",\n        \"text\": \"Cirka 16 timmar och 30 minuter. T\u00e5get avg\u00e5r fr\u00e5n Stockholm strax efter halv fem p\u00e5 eftermiddagen och ankommer Berlin Hauptbahnhof vid niotiden morgonen efter.\"\n      }\n    },\n    {\n      \"@type\": \"Question\",\n      \"name\": \"Vad kostar natt\u00e5get till Berlin?\",\n      \"acceptedAnswer\": {\n        \"@type\": \"Answer\",\n        \"text\": \"Sittplats kostar fr\u00e5n 499 kronor enkel resa. B\u00e4ddplats i delad kup\u00e9 och egen kup\u00e9 kostar mer, beroende p\u00e5 s\u00e4song och hur tidigt du bokar. R\u00e4kna med 1500-3000 kronor enkel resa f\u00f6r egen kup\u00e9 under h\u00f6gs\u00e4song.\"\n      }\n    },\n    {\n      \"@type\": \"Question\",\n      \"name\": \"Vilket bolag ska jag boka med - Sn\u00e4llt\u00e5get eller SJ?\",\n      \"acceptedAnswer\": {\n        \"@type\": \"Answer\",\n        \"text\": \"Boka Sn\u00e4llt\u00e5get om du reser efter 31 augusti 2026, f\u00f6r d\u00e5 slutar SJ k\u00f6ra. Innan dess fungerar b\u00e5da.\"\n      }\n    },\n    {\n      \"@type\": \"Question\",\n      \"name\": \"Beh\u00f6ver jag pass eller ID till natt\u00e5get?\",\n      \"acceptedAnswer\": {\n        \"@type\": \"Answer\",\n        \"text\": \"Ja. Svenskt k\u00f6rkort r\u00e4cker inte f\u00f6r resor till Tyskland. Du beh\u00f6ver svenskt pass eller nationellt ID-kort av EU-standard med MRZ-kod eller chip.\"\n      }\n    },\n    {\n      \"@type\": \"Question\",\n      \"name\": \"Kan man ta med cykel p\u00e5 natt\u00e5get?\",\n      \"acceptedAnswer\": {\n        \"@type\": \"Answer\",\n        \"text\": \"Nej, inte p\u00e5 Sn\u00e4llt\u00e5gets natt\u00e5g. Hopf\u00e4llbara cyklar packade i v\u00e4ska r\u00e4knas som handbagage och f\u00e5r f\u00f6lja med, men vanliga cyklar g\u00e5r inte.\"\n      }\n    },\n    {\n      \"@type\": \"Question\",\n      \"name\": \"Vad ing\u00e5r i natt\u00e5gsbiljetten?\",\n      \"acceptedAnswer\": {\n        \"@type\": \"Answer\",\n        \"text\": \"Sittplats \u00e4r bara platsen. B\u00e4ddplats och egen kup\u00e9 inkluderar b\u00e4ddlinne. Frukost ing\u00e5r inte men kan f\u00f6rbokas f\u00f6r 99 kronor och h\u00e4mtas hos t\u00e5gpersonalen p\u00e5 morgonen.\"\n      }\n    }\n  ]\n}\n<\/script><\/p>\n","protected":false},"excerpt":{"rendered":"<p>SJ:s natt\u00e5g till Berlin slutar 31 augusti 2026, men Sn\u00e4llt\u00e5get k\u00f6r sex dagar i veckan och RDC Deutschland tar \u00f6ver. Allt du beh\u00f6ver veta om natt\u00e5g till Berlin fr\u00e5n Sverige.<\/p>","protected":false},"author":1,"featured_media":360,"comment_status":"open","ping_status":"open","sticky":false,"template":"","format":"standard","meta":{"_yoast_wpseo_focuskw":"natt\u00e5g","_yoast_wpseo_title":"Natt\u00e5g till Berlin 2026 - s\u00e5 funkar det n\u00e4r SJ slutar och RDC tar \u00f6ver","_yoast_wpseo_metadesc":"SJ:s natt\u00e5g till Berlin slutar 31 augusti 2026, men Sn\u00e4llt\u00e5get k\u00f6r sex dagar i veckan och RDC Deutschland tar \u00f6ver. Allt du beh\u00f6ver veta om natt\u00e5g till Berlin fr\u00e5n Sverige.","_yoast_wpseo_meta-robots-noindex":"","_yoast_wpseo_meta-robots-nofollow":"","_yoast_wpseo_canonical":"","_yoast_wpseo_opengraph-title":"","_yoast_wpseo_opengraph-description":"","_yoast_wpseo_twitter-title":"","_yoast_wpseo_twitter-description":"","footnotes":"","rank_math_description":"SJ:s natt\u00e5g till Berlin slutar 31 augusti 2026, men Sn\u00e4llt\u00e5get k\u00f6r sex dagar i veckan och RDC Deutschland tar \u00f6ver. Allt du beh\u00f6ver veta om natt\u00e5g till Berlin fr\u00e5n Sverige.","rank_math_focus_keyword":"natt\u00e5g","rank_math_title":"Natt\u00e5g till Berlin 2026 - s\u00e5 funkar det n\u00e4r SJ slutar och RDC tar \u00f6ver","rank_math_canonical_url":"","rank_math_robots":"","rank_math_facebook_title":"","rank_math_facebook_description":"","rank_math_twitter_title":"","rank_math_twitter_description":""},"categories":[3],"tags":[57,61,56,59,58,60],"class_list":["post-361","post","type-post","status-publish","format-standard","has-post-thumbnail","hentry","category-resa","tag-berlin","tag-flygfritt","tag-nattag","tag-sj","tag-snalltaget","tag-tagluff"],"yoast_head":"<!-- This site is optimized with the Yoast SEO plugin v27.5 - https:\/\/yoast.com\/product\/yoast-seo-wordpress\/ -->\n<title>Natt\u00e5g till Berlin 2026 - s\u00e5 funkar det n\u00e4r SJ slutar och RDC tar \u00f6ver<\/title>\n<meta name=\"description\" content=\"SJ:s natt\u00e5g till Berlin slutar 31 augusti 2026, men Sn\u00e4llt\u00e5get k\u00f6r sex dagar i veckan och RDC Deutschland tar \u00f6ver. Allt du beh\u00f6ver veta om natt\u00e5g till Berlin fr\u00e5n Sverige.\" \/>\n<meta name=\"robots\" content=\"index, follow, max-snippet:-1, max-image-preview:large, max-video-preview:-1\" \/>\n<link rel=\"canonical\" href=\"https:\/\/schystresande.se\/en\/nattag-till-berlin-2026\/\" \/>\n<meta property=\"og:locale\" content=\"en_US\" \/>\n<meta property=\"og:type\" content=\"article\" \/>\n<meta property=\"og:title\" content=\"Natt\u00e5g till Berlin 2026 - s\u00e5 funkar det n\u00e4r SJ slutar och RDC tar \u00f6ver\" \/>\n<meta property=\"og:description\" content=\"SJ:s natt\u00e5g till Berlin slutar 31 augusti 2026, men Sn\u00e4llt\u00e5get k\u00f6r sex dagar i veckan och RDC Deutschland tar \u00f6ver. Allt du beh\u00f6ver veta om natt\u00e5g till Berlin fr\u00e5n Sverige.\" \/>\n<meta property=\"og:url\" content=\"https:\/\/schystresande.se\/en\/nattag-till-berlin-2026\/\" \/>\n<meta property=\"og:site_name\" content=\"Schyst resande\" \/>\n<meta property=\"article:published_time\" content=\"2026-05-02T08:10:00+00:00\" \/>\n<meta property=\"og:image\" content=\"https:\/\/schystresande.se\/wp-content\/uploads\/2026\/05\/nattag-till-berlin-2026.jpg\" \/>\n\t<meta property=\"og:image:width\" content=\"1280\" \/>\n\t<meta property=\"og:image:height\" content=\"853\" \/>\n\t<meta property=\"og:image:type\" content=\"image\/jpeg\" \/>\n<meta name=\"author\" content=\"Hugo Dahlberg\" \/>\n<meta name=\"twitter:card\" content=\"summary_large_image\" \/>\n<meta name=\"twitter:label1\" content=\"Written by\" \/>\n\t<meta name=\"twitter:data1\" content=\"Hugo Dahlberg\" \/>\n\t<meta name=\"twitter:label2\" content=\"Est. reading time\" \/>\n\t<meta name=\"twitter:data2\" content=\"7 minutes\" \/>\n<script type=\"application\/ld+json\" class=\"yoast-schema-graph\">{\"@context\":\"https:\\\/\\\/schema.org\",\"@graph\":[{\"@type\":\"Article\",\"@id\":\"https:\\\/\\\/schystresande.se\\\/nattag-till-berlin-2026\\\/#article\",\"isPartOf\":{\"@id\":\"https:\\\/\\\/schystresande.se\\\/nattag-till-berlin-2026\\\/\"},\"author\":{\"name\":\"Hugo Dahlberg\",\"@id\":\"https:\\\/\\\/schystresande.se\\\/#\\\/schema\\\/person\\\/d3b685e32b09a4b97843e08186273112\"},\"headline\":\"Natt\u00e5g till Berlin 2026 &#8211; s\u00e5 funkar det n\u00e4r SJ slutar och RDC tar \u00f6ver\",\"datePublished\":\"2026-05-02T08:10:00+00:00\",\"mainEntityOfPage\":{\"@id\":\"https:\\\/\\\/schystresande.se\\\/nattag-till-berlin-2026\\\/\"},\"wordCount\":1492,\"commentCount\":0,\"publisher\":{\"@id\":\"https:\\\/\\\/schystresande.se\\\/#organization\"},\"image\":{\"@id\":\"https:\\\/\\\/schystresande.se\\\/nattag-till-berlin-2026\\\/#primaryimage\"},\"thumbnailUrl\":\"https:\\\/\\\/schystresande.se\\\/wp-content\\\/uploads\\\/2026\\\/05\\\/nattag-till-berlin-2026.jpg\",\"keywords\":[\"Berlin\",\"flygfritt\",\"natt\u00e5g\",\"SJ\",\"Sn\u00e4llt\u00e5get\",\"t\u00e5gluff\"],\"articleSection\":[\"Resa\"],\"inLanguage\":\"en-US\",\"potentialAction\":[{\"@type\":\"CommentAction\",\"name\":\"Comment\",\"target\":[\"https:\\\/\\\/schystresande.se\\\/nattag-till-berlin-2026\\\/#respond\"]}]},{\"@type\":\"WebPage\",\"@id\":\"https:\\\/\\\/schystresande.se\\\/nattag-till-berlin-2026\\\/\",\"url\":\"https:\\\/\\\/schystresande.se\\\/nattag-till-berlin-2026\\\/\",\"name\":\"Natt\u00e5g till Berlin 2026 - s\u00e5 funkar det n\u00e4r SJ slutar och RDC tar \u00f6ver\",\"isPartOf\":{\"@id\":\"https:\\\/\\\/schystresande.se\\\/#website\"},\"primaryImageOfPage\":{\"@id\":\"https:\\\/\\\/schystresande.se\\\/nattag-till-berlin-2026\\\/#primaryimage\"},\"image\":{\"@id\":\"https:\\\/\\\/schystresande.se\\\/nattag-till-berlin-2026\\\/#primaryimage\"},\"thumbnailUrl\":\"https:\\\/\\\/schystresande.se\\\/wp-content\\\/uploads\\\/2026\\\/05\\\/nattag-till-berlin-2026.jpg\",\"datePublished\":\"2026-05-02T08:10:00+00:00\",\"description\":\"SJ:s natt\u00e5g till Berlin slutar 31 augusti 2026, men Sn\u00e4llt\u00e5get k\u00f6r sex dagar i veckan och RDC Deutschland tar \u00f6ver. Allt du beh\u00f6ver veta om natt\u00e5g till Berlin fr\u00e5n Sverige.\",\"breadcrumb\":{\"@id\":\"https:\\\/\\\/schystresande.se\\\/nattag-till-berlin-2026\\\/#breadcrumb\"},\"inLanguage\":\"en-US\",\"potentialAction\":[{\"@type\":\"ReadAction\",\"target\":[\"https:\\\/\\\/schystresande.se\\\/nattag-till-berlin-2026\\\/\"]}]},{\"@type\":\"ImageObject\",\"inLanguage\":\"en-US\",\"@id\":\"https:\\\/\\\/schystresande.se\\\/nattag-till-berlin-2026\\\/#primaryimage\",\"url\":\"https:\\\/\\\/schystresande.se\\\/wp-content\\\/uploads\\\/2026\\\/05\\\/nattag-till-berlin-2026.jpg\",\"contentUrl\":\"https:\\\/\\\/schystresande.se\\\/wp-content\\\/uploads\\\/2026\\\/05\\\/nattag-till-berlin-2026.jpg\",\"width\":1280,\"height\":853,\"caption\":\"Natt\u00e5g som rullar genom landskapet p\u00e5 v\u00e4g mot Berlin\"},{\"@type\":\"BreadcrumbList\",\"@id\":\"https:\\\/\\\/schystresande.se\\\/nattag-till-berlin-2026\\\/#breadcrumb\",\"itemListElement\":[{\"@type\":\"ListItem\",\"position\":1,\"name\":\"Home\",\"item\":\"https:\\\/\\\/schystresande.se\\\/\"},{\"@type\":\"ListItem\",\"position\":2,\"name\":\"Natt\u00e5g till Berlin 2026 &#8211; s\u00e5 funkar det n\u00e4r SJ slutar och RDC tar \u00f6ver\"}]},{\"@type\":\"WebSite\",\"@id\":\"https:\\\/\\\/schystresande.se\\\/#website\",\"url\":\"https:\\\/\\\/schystresande.se\\\/\",\"name\":\"Schyst resande\",\"description\":\"\",\"publisher\":{\"@id\":\"https:\\\/\\\/schystresande.se\\\/#organization\"},\"potentialAction\":[{\"@type\":\"SearchAction\",\"target\":{\"@type\":\"EntryPoint\",\"urlTemplate\":\"https:\\\/\\\/schystresande.se\\\/?s={search_term_string}\"},\"query-input\":{\"@type\":\"PropertyValueSpecification\",\"valueRequired\":true,\"valueName\":\"search_term_string\"}}],\"inLanguage\":\"en-US\"},{\"@type\":\"Organization\",\"@id\":\"https:\\\/\\\/schystresande.se\\\/#organization\",\"name\":\"Schyst resande\",\"url\":\"https:\\\/\\\/schystresande.se\\\/\",\"logo\":{\"@type\":\"ImageObject\",\"inLanguage\":\"en-US\",\"@id\":\"https:\\\/\\\/schystresande.se\\\/#\\\/schema\\\/logo\\\/image\\\/\",\"url\":\"https:\\\/\\\/schystresande.se\\\/wp-content\\\/uploads\\\/2025\\\/10\\\/cropped-cropped-image45.webp\",\"contentUrl\":\"https:\\\/\\\/schystresande.se\\\/wp-content\\\/uploads\\\/2025\\\/10\\\/cropped-cropped-image45.webp\",\"width\":512,\"height\":512,\"caption\":\"Schyst resande\"},\"image\":{\"@id\":\"https:\\\/\\\/schystresande.se\\\/#\\\/schema\\\/logo\\\/image\\\/\"}},{\"@type\":\"Person\",\"@id\":\"https:\\\/\\\/schystresande.se\\\/#\\\/schema\\\/person\\\/d3b685e32b09a4b97843e08186273112\",\"name\":\"Hugo Dahlberg\",\"image\":{\"@type\":\"ImageObject\",\"inLanguage\":\"en-US\",\"@id\":\"https:\\\/\\\/secure.gravatar.com\\\/avatar\\\/fc639b7c448771f44322741f292c61430bed5f8be26a1935e614549d2e16c0f0?s=96&d=mm&r=g\",\"url\":\"https:\\\/\\\/secure.gravatar.com\\\/avatar\\\/fc639b7c448771f44322741f292c61430bed5f8be26a1935e614549d2e16c0f0?s=96&d=mm&r=g\",\"contentUrl\":\"https:\\\/\\\/secure.gravatar.com\\\/avatar\\\/fc639b7c448771f44322741f292c61430bed5f8be26a1935e614549d2e16c0f0?s=96&d=mm&r=g\",\"caption\":\"Hugo Dahlberg\"},\"description\":\"Hugo Dahlberg \u00e4r reseskribent och h\u00e5llbarhetsutbildad, baserad i G\u00f6teborg. Han har en kandidatexamen i turismvetenskap fr\u00e5n Lunds universitet och frist\u00e5ende studier i h\u00e5llbar utveckling vid Uppsala universitet. Sedan 2017 har han t\u00e5gluffat genom Europa varje sommar, vandrat st\u00f6rre delen av Kungsleden och bott p\u00e5 allt fr\u00e5n ekopensionat i Slovenien till familjehotell i Portugal. Hugo skriver om resor han sj\u00e4lv gjort \u2013 inga skrivbordsguider. Driver schystresande.se fr\u00e5n coworkingmilj\u00f6n Mindpark p\u00e5 Lindholmen. Kontakt: hugo@schystresande.se\",\"sameAs\":[\"https:\\\/\\\/schystresande.se\"],\"url\":\"https:\\\/\\\/schystresande.se\\\/en\\\/author\\\/hugo\\\/\"}]}<\/script>\n<!-- \/ Yoast SEO plugin. -->","yoast_head_json":{"title":"Natt\u00e5g till Berlin 2026 - s\u00e5 funkar det n\u00e4r SJ slutar och RDC tar \u00f6ver","description":"SJ:s natt\u00e5g till Berlin slutar 31 augusti 2026, men Sn\u00e4llt\u00e5get k\u00f6r sex dagar i veckan och RDC Deutschland tar \u00f6ver. Allt du beh\u00f6ver veta om natt\u00e5g till Berlin fr\u00e5n Sverige.","robots":{"index":"index","follow":"follow","max-snippet":"max-snippet:-1","max-image-preview":"max-image-preview:large","max-video-preview":"max-video-preview:-1"},"canonical":"https:\/\/schystresande.se\/en\/nattag-till-berlin-2026\/","og_locale":"en_US","og_type":"article","og_title":"Natt\u00e5g till Berlin 2026 - s\u00e5 funkar det n\u00e4r SJ slutar och RDC tar \u00f6ver","og_description":"SJ:s natt\u00e5g till Berlin slutar 31 augusti 2026, men Sn\u00e4llt\u00e5get k\u00f6r sex dagar i veckan och RDC Deutschland tar \u00f6ver. Allt du beh\u00f6ver veta om natt\u00e5g till Berlin fr\u00e5n Sverige.","og_url":"https:\/\/schystresande.se\/en\/nattag-till-berlin-2026\/","og_site_name":"Schyst resande","article_published_time":"2026-05-02T08:10:00+00:00","og_image":[{"width":1280,"height":853,"url":"https:\/\/schystresande.se\/wp-content\/uploads\/2026\/05\/nattag-till-berlin-2026.jpg","type":"image\/jpeg"}],"author":"Hugo Dahlberg","twitter_card":"summary_large_image","twitter_misc":{"Written by":"Hugo Dahlberg","Est. reading time":"7 minutes"},"schema":{"@context":"https:\/\/schema.org","@graph":[{"@type":"Article","@id":"https:\/\/schystresande.se\/nattag-till-berlin-2026\/#article","isPartOf":{"@id":"https:\/\/schystresande.se\/nattag-till-berlin-2026\/"},"author":{"name":"Hugo Dahlberg","@id":"https:\/\/schystresande.se\/#\/schema\/person\/d3b685e32b09a4b97843e08186273112"},"headline":"Natt\u00e5g till Berlin 2026 &#8211; s\u00e5 funkar det n\u00e4r SJ slutar och RDC tar \u00f6ver","datePublished":"2026-05-02T08:10:00+00:00","mainEntityOfPage":{"@id":"https:\/\/schystresande.se\/nattag-till-berlin-2026\/"},"wordCount":1492,"commentCount":0,"publisher":{"@id":"https:\/\/schystresande.se\/#organization"},"image":{"@id":"https:\/\/schystresande.se\/nattag-till-berlin-2026\/#primaryimage"},"thumbnailUrl":"https:\/\/schystresande.se\/wp-content\/uploads\/2026\/05\/nattag-till-berlin-2026.jpg","keywords":["Berlin","flygfritt","natt\u00e5g","SJ","Sn\u00e4llt\u00e5get","t\u00e5gluff"],"articleSection":["Resa"],"inLanguage":"en-US","potentialAction":[{"@type":"CommentAction","name":"Comment","target":["https:\/\/schystresande.se\/nattag-till-berlin-2026\/#respond"]}]},{"@type":"WebPage","@id":"https:\/\/schystresande.se\/nattag-till-berlin-2026\/","url":"https:\/\/schystresande.se\/nattag-till-berlin-2026\/","name":"Natt\u00e5g till Berlin 2026 - s\u00e5 funkar det n\u00e4r SJ slutar och RDC tar \u00f6ver","isPartOf":{"@id":"https:\/\/schystresande.se\/#website"},"primaryImageOfPage":{"@id":"https:\/\/schystresande.se\/nattag-till-berlin-2026\/#primaryimage"},"image":{"@id":"https:\/\/schystresande.se\/nattag-till-berlin-2026\/#primaryimage"},"thumbnailUrl":"https:\/\/schystresande.se\/wp-content\/uploads\/2026\/05\/nattag-till-berlin-2026.jpg","datePublished":"2026-05-02T08:10:00+00:00","description":"SJ:s natt\u00e5g till Berlin slutar 31 augusti 2026, men Sn\u00e4llt\u00e5get k\u00f6r sex dagar i veckan och RDC Deutschland tar \u00f6ver. Allt du beh\u00f6ver veta om natt\u00e5g till Berlin fr\u00e5n Sverige.","breadcrumb":{"@id":"https:\/\/schystresande.se\/nattag-till-berlin-2026\/#breadcrumb"},"inLanguage":"en-US","potentialAction":[{"@type":"ReadAction","target":["https:\/\/schystresande.se\/nattag-till-berlin-2026\/"]}]},{"@type":"ImageObject","inLanguage":"en-US","@id":"https:\/\/schystresande.se\/nattag-till-berlin-2026\/#primaryimage","url":"https:\/\/schystresande.se\/wp-content\/uploads\/2026\/05\/nattag-till-berlin-2026.jpg","contentUrl":"https:\/\/schystresande.se\/wp-content\/uploads\/2026\/05\/nattag-till-berlin-2026.jpg","width":1280,"height":853,"caption":"Natt\u00e5g som rullar genom landskapet p\u00e5 v\u00e4g mot Berlin"},{"@type":"BreadcrumbList","@id":"https:\/\/schystresande.se\/nattag-till-berlin-2026\/#breadcrumb","itemListElement":[{"@type":"ListItem","position":1,"name":"Home","item":"https:\/\/schystresande.se\/"},{"@type":"ListItem","position":2,"name":"Natt\u00e5g till Berlin 2026 &#8211; s\u00e5 funkar det n\u00e4r SJ slutar och RDC tar \u00f6ver"}]},{"@type":"WebSite","@id":"https:\/\/schystresande.se\/#website","url":"https:\/\/schystresande.se\/","name":"Schyst resande","description":"","publisher":{"@id":"https:\/\/schystresande.se\/#organization"},"potentialAction":[{"@type":"SearchAction","target":{"@type":"EntryPoint","urlTemplate":"https:\/\/schystresande.se\/?s={search_term_string}"},"query-input":{"@type":"PropertyValueSpecification","valueRequired":true,"valueName":"search_term_string"}}],"inLanguage":"en-US"},{"@type":"Organization","@id":"https:\/\/schystresande.se\/#organization","name":"Schyst resande","url":"https:\/\/schystresande.se\/","logo":{"@type":"ImageObject","inLanguage":"en-US","@id":"https:\/\/schystresande.se\/#\/schema\/logo\/image\/","url":"https:\/\/schystresande.se\/wp-content\/uploads\/2025\/10\/cropped-cropped-image45.webp","contentUrl":"https:\/\/schystresande.se\/wp-content\/uploads\/2025\/10\/cropped-cropped-image45.webp","width":512,"height":512,"caption":"Schyst resande"},"image":{"@id":"https:\/\/schystresande.se\/#\/schema\/logo\/image\/"}},{"@type":"Person","@id":"https:\/\/schystresande.se\/#\/schema\/person\/d3b685e32b09a4b97843e08186273112","name":"Hugo Dahlberg","image":{"@type":"ImageObject","inLanguage":"en-US","@id":"https:\/\/secure.gravatar.com\/avatar\/fc639b7c448771f44322741f292c61430bed5f8be26a1935e614549d2e16c0f0?s=96&d=mm&r=g","url":"https:\/\/secure.gravatar.com\/avatar\/fc639b7c448771f44322741f292c61430bed5f8be26a1935e614549d2e16c0f0?s=96&d=mm&r=g","contentUrl":"https:\/\/secure.gravatar.com\/avatar\/fc639b7c448771f44322741f292c61430bed5f8be26a1935e614549d2e16c0f0?s=96&d=mm&r=g","caption":"Hugo Dahlberg"},"description":"Hugo Dahlberg \u00e4r reseskribent och h\u00e5llbarhetsutbildad, baserad i G\u00f6teborg. Han har en kandidatexamen i turismvetenskap fr\u00e5n Lunds universitet och frist\u00e5ende studier i h\u00e5llbar utveckling vid Uppsala universitet. Sedan 2017 har han t\u00e5gluffat genom Europa varje sommar, vandrat st\u00f6rre delen av Kungsleden och bott p\u00e5 allt fr\u00e5n ekopensionat i Slovenien till familjehotell i Portugal. Hugo skriver om resor han sj\u00e4lv gjort \u2013 inga skrivbordsguider. Driver schystresande.se fr\u00e5n coworkingmilj\u00f6n Mindpark p\u00e5 Lindholmen. Kontakt: hugo@schystresande.se","sameAs":["https:\/\/schystresande.se"],"url":"https:\/\/schystresande.se\/en\/author\/hugo\/"}]}},"_links":{"self":[{"href":"https:\/\/schystresande.se\/en\/wp-json\/wp\/v2\/posts\/361","targetHints":{"allow":["GET"]}}],"collection":[{"href":"https:\/\/schystresande.se\/en\/wp-json\/wp\/v2\/posts"}],"about":[{"href":"https:\/\/schystresande.se\/en\/wp-json\/wp\/v2\/types\/post"}],"author":[{"embeddable":true,"href":"https:\/\/schystresande.se\/en\/wp-json\/wp\/v2\/users\/1"}],"replies":[{"embeddable":true,"href":"https:\/\/schystresande.se\/en\/wp-json\/wp\/v2\/comments?post=361"}],"version-history":[{"count":1,"href":"https:\/\/schystresande.se\/en\/wp-json\/wp\/v2\/posts\/361\/revisions"}],"predecessor-version":[{"id":362,"href":"https:\/\/schystresande.se\/en\/wp-json\/wp\/v2\/posts\/361\/revisions\/362"}],"wp:featuredmedia":[{"embeddable":true,"href":"https:\/\/schystresande.se\/en\/wp-json\/wp\/v2\/media\/360"}],"wp:attachment":[{"href":"https:\/\/schystresande.se\/en\/wp-json\/wp\/v2\/media?parent=361"}],"wp:term":[{"taxonomy":"category","embeddable":true,"href":"https:\/\/schystresande.se\/en\/wp-json\/wp\/v2\/categories?post=361"},{"taxonomy":"post_tag","embeddable":true,"href":"https:\/\/schystresande.se\/en\/wp-json\/wp\/v2\/tags?post=361"}],"curies":[{"name":"wp","href":"https:\/\/api.w.org\/{rel}","templated":true}]}}